{"id":9593,"date":"2025-10-24T08:20:48","date_gmt":"2025-10-24T06:20:48","guid":{"rendered":"https:\/\/biokema.ch\/kaelber-von-geburt-an-staerken-ein-austausch-im-jura\/"},"modified":"2025-10-24T08:32:46","modified_gmt":"2025-10-24T06:32:46","slug":"kaelber-von-geburt-an-staerken-ein-austausch-im-jura","status":"publish","type":"post","link":"https:\/\/biokema.ch\/de\/kaelber-von-geburt-an-staerken-ein-austausch-im-jura\/","title":{"rendered":"K\u00e4lber von Geburt an st\u00e4rken: ein Austausch im Jura"},"content":{"rendered":"\n<div class=\"wp-block-columns is-layout-flex wp-container-core-columns-is-layout-28f84493 wp-block-columns-is-layout-flex\">\n<div class=\"wp-block-column is-layout-flow wp-block-column-is-layout-flow\" style=\"flex-basis:33.33%\"><\/div>\n\n\n\n<div class=\"wp-block-column is-layout-flow wp-block-column-is-layout-flow\" style=\"flex-basis:66.66%\" id=\"bloc-paragraphe\">\n<p>In Montfaucon, im jurassischen H\u00fcgelland, versammelten sich \u00fcber 120 Landwirtinnen und Landwirte zu einem Informationsabend rund um ein zentrales Thema der Rinderhaltung: die Vorbereitung von K\u00fchen und F\u00e4rsen auf eine effektive Immunit\u00e4ts\u00fcbertragung, um neonatale K\u00e4lberdurchf\u00e4lle gezielt zu verhindern.<\/p>\n\n\n\n<p>Die Konferenz wurde von Dr. Caroline Kruse geleitet und bot einen praxisnahen \u00dcberblick \u00fcber die wichtigsten Mechanismen der Immun\u00fcbertragung. Es wurden konkrete Massnahmen vorgestellt, um die Abwehrkr\u00e4fte des Kalbes ab der Geburt zu st\u00e4rken, etwa durch F\u00fctterung, gezielte Mineralstoffversorgung und ein angepasstes Management der \u00dcbergangszeit.<\/p>\n\n\n\n<p>Gemeinsam mit Tier\u00e4rztinnen, Tier\u00e4rzten und Landwirtinnen und Landwirten engagiert sich Biokema f\u00fcr Pr\u00e4vention direkt vor Ort, mit praxisnahen Informationsveranstaltungen, die den Alltag der Tierhaltenden konkret unterst\u00fctzen.<\/p>\n\n\n\n<p><\/p>\n\n\n\n<figure class=\"wp-block-gallery has-nested-images columns-default is-cropped wp-block-gallery-1 is-layout-flex wp-block-gallery-is-layout-flex\">\n<figure class=\"wp-block-image size-large\"><img fetchpriority=\"high\" decoding=\"async\" width=\"1024\" height=\"819\" data-id=\"9579\" src=\"https:\/\/biokema.ch\/wp-content\/uploads\/2025\/10\/Publication-Preparer-les-veaux-des-la-naissance-une-rencontre-en-terres-jurassiennes-202510-2-1024x819.jpg\" alt=\"\" class=\"wp-image-9579\" srcset=\"https:\/\/biokema.ch\/wp-content\/uploads\/2025\/10\/Publication-Preparer-les-veaux-des-la-naissance-une-rencontre-en-terres-jurassiennes-202510-2-1024x819.jpg 1024w, https:\/\/biokema.ch\/wp-content\/uploads\/2025\/10\/Publication-Preparer-les-veaux-des-la-naissance-une-rencontre-en-terres-jurassiennes-202510-2-300x240.jpg 300w, https:\/\/biokema.ch\/wp-content\/uploads\/2025\/10\/Publication-Preparer-les-veaux-des-la-naissance-une-rencontre-en-terres-jurassiennes-202510-2-768x614.jpg 768w, https:\/\/biokema.ch\/wp-content\/uploads\/2025\/10\/Publication-Preparer-les-veaux-des-la-naissance-une-rencontre-en-terres-jurassiennes-202510-2-1536x1229.jpg 1536w, https:\/\/biokema.ch\/wp-content\/uploads\/2025\/10\/Publication-Preparer-les-veaux-des-la-naissance-une-rencontre-en-terres-jurassiennes-202510-2-2048x1638.jpg 2048w\" sizes=\"(max-width: 1024px) 100vw, 1024px\" \/><\/figure>\n\n\n\n<figure class=\"wp-block-image size-large\"><img decoding=\"async\" width=\"1024\" height=\"819\" data-id=\"9585\" src=\"https:\/\/biokema.ch\/wp-content\/uploads\/2025\/10\/Publication-Preparer-les-veaux-des-la-naissance-une-rencontre-en-terres-jurassiennes-20259-1-1024x819.jpg\" alt=\"\" class=\"wp-image-9585\" srcset=\"https:\/\/biokema.ch\/wp-content\/uploads\/2025\/10\/Publication-Preparer-les-veaux-des-la-naissance-une-rencontre-en-terres-jurassiennes-20259-1-1024x819.jpg 1024w, https:\/\/biokema.ch\/wp-content\/uploads\/2025\/10\/Publication-Preparer-les-veaux-des-la-naissance-une-rencontre-en-terres-jurassiennes-20259-1-300x240.jpg 300w, https:\/\/biokema.ch\/wp-content\/uploads\/2025\/10\/Publication-Preparer-les-veaux-des-la-naissance-une-rencontre-en-terres-jurassiennes-20259-1-768x614.jpg 768w, https:\/\/biokema.ch\/wp-content\/uploads\/2025\/10\/Publication-Preparer-les-veaux-des-la-naissance-une-rencontre-en-terres-jurassiennes-20259-1-1536x1229.jpg 1536w, https:\/\/biokema.ch\/wp-content\/uploads\/2025\/10\/Publication-Preparer-les-veaux-des-la-naissance-une-rencontre-en-terres-jurassiennes-20259-1-2048x1638.jpg 2048w\" sizes=\"(max-width: 1024px) 100vw, 1024px\" \/><\/figure>\n<\/figure>\n<\/div>\n<\/div>\n","protected":false},"excerpt":{"rendered":"<p>In Montfaucon, im jurassischen H\u00fcgelland, versammelten sich \u00fcber 120 Landwirtinnen und Landwirte zu einem Informationsabend rund um ein zentrales Thema der Rinderhaltung: die Vorbereitung von K\u00fchen und F\u00e4rsen auf eine effektive Immunit\u00e4ts\u00fcbertragung, um neonatale K\u00e4lberdurchf\u00e4lle gezielt zu verhindern. Die Konferenz wurde von Dr. Caroline Kruse geleitet und bot einen praxisnahen \u00dcberblick \u00fcber die wichtigsten Mechanismen [&hellip;]<\/p>\n","protected":false},"author":2,"featured_media":9590,"comment_status":"closed","ping_status":"closed","sticky":false,"template":"","format":"standard","meta":{"_acf_changed":false,"_monsterinsights_skip_tracking":false,"_monsterinsights_sitenote_active":false,"_monsterinsights_sitenote_note":"","_monsterinsights_sitenote_category":0,"footnotes":""},"categories":[76],"tags":[],"class_list":["post-9593","post","type-post","status-publish","format-standard","has-post-thumbnail","hentry","category-tuerkis-nutztiere"],"acf":[],"yoast_head":"<!-- This site is optimized with the Yoast SEO plugin v27.4 - https:\/\/yoast.com\/product\/yoast-seo-wordpress\/ -->\n<title>K\u00e4lber von Geburt an st\u00e4rken: ein Austausch im Jura - Biokema SA<\/title>\n<meta name=\"robots\" content=\"index, follow, max-snippet:-1, max-image-preview:large, max-video-preview:-1\" \/>\n<link rel=\"canonical\" href=\"https:\/\/biokema.ch\/de\/kaelber-von-geburt-an-staerken-ein-austausch-im-jura\/\" \/>\n<meta property=\"og:locale\" content=\"de_DE\" \/>\n<meta property=\"og:type\" content=\"article\" \/>\n<meta property=\"og:title\" content=\"K\u00e4lber von Geburt an st\u00e4rken: ein Austausch im Jura - Biokema SA\" \/>\n<meta property=\"og:description\" content=\"In Montfaucon, im jurassischen H\u00fcgelland, versammelten sich \u00fcber 120 Landwirtinnen und Landwirte zu einem Informationsabend rund um ein zentrales Thema der Rinderhaltung: die Vorbereitung von K\u00fchen und F\u00e4rsen auf eine effektive Immunit\u00e4ts\u00fcbertragung, um neonatale K\u00e4lberdurchf\u00e4lle gezielt zu verhindern. Die Konferenz wurde von Dr. Caroline Kruse geleitet und bot einen praxisnahen \u00dcberblick \u00fcber die wichtigsten Mechanismen [&hellip;]\" \/>\n<meta property=\"og:url\" content=\"https:\/\/biokema.ch\/de\/kaelber-von-geburt-an-staerken-ein-austausch-im-jura\/\" \/>\n<meta property=\"og:site_name\" content=\"Biokema SA\" \/>\n<meta property=\"article:publisher\" content=\"https:\/\/www.facebook.com\/BiokemaSA\/\" \/>\n<meta property=\"article:published_time\" content=\"2025-10-24T06:20:48+00:00\" \/>\n<meta property=\"article:modified_time\" content=\"2025-10-24T06:32:46+00:00\" \/>\n<meta property=\"og:image\" content=\"https:\/\/biokema.ch\/wp-content\/uploads\/2025\/10\/Publication-Preparer-les-veaux-des-la-naissance-une-rencontre-en-terres-jurassiennes-2025-scaled.jpg\" \/>\n\t<meta property=\"og:image:width\" content=\"2560\" \/>\n\t<meta property=\"og:image:height\" content=\"853\" \/>\n\t<meta property=\"og:image:type\" content=\"image\/jpeg\" \/>\n<meta name=\"author\" content=\"sgenin@biokema\" \/>\n<meta name=\"twitter:card\" content=\"summary_large_image\" \/>\n<meta name=\"twitter:label1\" content=\"Verfasst von\" \/>\n\t<meta name=\"twitter:data1\" content=\"sgenin@biokema\" \/>\n\t<meta name=\"twitter:label2\" content=\"Gesch\u00e4tzte Lesezeit\" \/>\n\t<meta name=\"twitter:data2\" content=\"1\u00a0Minute\" \/>\n<script type=\"application\/ld+json\" class=\"yoast-schema-graph\">{\"@context\":\"https:\\\/\\\/schema.org\",\"@graph\":[{\"@type\":\"Article\",\"@id\":\"https:\\\/\\\/biokema.ch\\\/de\\\/kaelber-von-geburt-an-staerken-ein-austausch-im-jura\\\/#article\",\"isPartOf\":{\"@id\":\"https:\\\/\\\/biokema.ch\\\/de\\\/kaelber-von-geburt-an-staerken-ein-austausch-im-jura\\\/\"},\"author\":{\"name\":\"sgenin@biokema\",\"@id\":\"https:\\\/\\\/biokema.ch\\\/de\\\/#\\\/schema\\\/person\\\/605f48e8392604c662d1b536126fe6ef\"},\"headline\":\"K\u00e4lber von Geburt an st\u00e4rken: ein Austausch im Jura\",\"datePublished\":\"2025-10-24T06:20:48+00:00\",\"dateModified\":\"2025-10-24T06:32:46+00:00\",\"mainEntityOfPage\":{\"@id\":\"https:\\\/\\\/biokema.ch\\\/de\\\/kaelber-von-geburt-an-staerken-ein-austausch-im-jura\\\/\"},\"wordCount\":135,\"publisher\":{\"@id\":\"https:\\\/\\\/biokema.ch\\\/de\\\/#organization\"},\"image\":{\"@id\":\"https:\\\/\\\/biokema.ch\\\/de\\\/kaelber-von-geburt-an-staerken-ein-austausch-im-jura\\\/#primaryimage\"},\"thumbnailUrl\":\"https:\\\/\\\/biokema.ch\\\/wp-content\\\/uploads\\\/2025\\\/10\\\/Publication-Preparer-les-veaux-des-la-naissance-une-rencontre-en-terres-jurassiennes-2025-scaled.jpg\",\"articleSection\":[\"T\u00fcrkis - Nutztiere\"],\"inLanguage\":\"de\"},{\"@type\":\"WebPage\",\"@id\":\"https:\\\/\\\/biokema.ch\\\/de\\\/kaelber-von-geburt-an-staerken-ein-austausch-im-jura\\\/\",\"url\":\"https:\\\/\\\/biokema.ch\\\/de\\\/kaelber-von-geburt-an-staerken-ein-austausch-im-jura\\\/\",\"name\":\"K\u00e4lber von Geburt an st\u00e4rken: ein Austausch im Jura - Biokema SA\",\"isPartOf\":{\"@id\":\"https:\\\/\\\/biokema.ch\\\/de\\\/#website\"},\"primaryImageOfPage\":{\"@id\":\"https:\\\/\\\/biokema.ch\\\/de\\\/kaelber-von-geburt-an-staerken-ein-austausch-im-jura\\\/#primaryimage\"},\"image\":{\"@id\":\"https:\\\/\\\/biokema.ch\\\/de\\\/kaelber-von-geburt-an-staerken-ein-austausch-im-jura\\\/#primaryimage\"},\"thumbnailUrl\":\"https:\\\/\\\/biokema.ch\\\/wp-content\\\/uploads\\\/2025\\\/10\\\/Publication-Preparer-les-veaux-des-la-naissance-une-rencontre-en-terres-jurassiennes-2025-scaled.jpg\",\"datePublished\":\"2025-10-24T06:20:48+00:00\",\"dateModified\":\"2025-10-24T06:32:46+00:00\",\"breadcrumb\":{\"@id\":\"https:\\\/\\\/biokema.ch\\\/de\\\/kaelber-von-geburt-an-staerken-ein-austausch-im-jura\\\/#breadcrumb\"},\"inLanguage\":\"de\",\"potentialAction\":[{\"@type\":\"ReadAction\",\"target\":[\"https:\\\/\\\/biokema.ch\\\/de\\\/kaelber-von-geburt-an-staerken-ein-austausch-im-jura\\\/\"]}]},{\"@type\":\"ImageObject\",\"inLanguage\":\"de\",\"@id\":\"https:\\\/\\\/biokema.ch\\\/de\\\/kaelber-von-geburt-an-staerken-ein-austausch-im-jura\\\/#primaryimage\",\"url\":\"https:\\\/\\\/biokema.ch\\\/wp-content\\\/uploads\\\/2025\\\/10\\\/Publication-Preparer-les-veaux-des-la-naissance-une-rencontre-en-terres-jurassiennes-2025-scaled.jpg\",\"contentUrl\":\"https:\\\/\\\/biokema.ch\\\/wp-content\\\/uploads\\\/2025\\\/10\\\/Publication-Preparer-les-veaux-des-la-naissance-une-rencontre-en-terres-jurassiennes-2025-scaled.jpg\",\"width\":2560,\"height\":853},{\"@type\":\"BreadcrumbList\",\"@id\":\"https:\\\/\\\/biokema.ch\\\/de\\\/kaelber-von-geburt-an-staerken-ein-austausch-im-jura\\\/#breadcrumb\",\"itemListElement\":[{\"@type\":\"ListItem\",\"position\":1,\"name\":\"Accueil\",\"item\":\"https:\\\/\\\/biokema.ch\\\/de\\\/biokema-sa\\\/\"},{\"@type\":\"ListItem\",\"position\":2,\"name\":\"K\u00e4lber von Geburt an st\u00e4rken: ein Austausch im Jura\"}]},{\"@type\":\"WebSite\",\"@id\":\"https:\\\/\\\/biokema.ch\\\/de\\\/#website\",\"url\":\"https:\\\/\\\/biokema.ch\\\/de\\\/\",\"name\":\"Biokema SA\",\"description\":\"Ihr Veterin\u00e4rpartner seit 1959\",\"publisher\":{\"@id\":\"https:\\\/\\\/biokema.ch\\\/de\\\/#organization\"},\"potentialAction\":[{\"@type\":\"SearchAction\",\"target\":{\"@type\":\"EntryPoint\",\"urlTemplate\":\"https:\\\/\\\/biokema.ch\\\/de\\\/?s={search_term_string}\"},\"query-input\":{\"@type\":\"PropertyValueSpecification\",\"valueRequired\":true,\"valueName\":\"search_term_string\"}}],\"inLanguage\":\"de\"},{\"@type\":\"Organization\",\"@id\":\"https:\\\/\\\/biokema.ch\\\/de\\\/#organization\",\"name\":\"Biokema SA\",\"url\":\"https:\\\/\\\/biokema.ch\\\/de\\\/\",\"logo\":{\"@type\":\"ImageObject\",\"inLanguage\":\"de\",\"@id\":\"https:\\\/\\\/biokema.ch\\\/de\\\/#\\\/schema\\\/logo\\\/image\\\/\",\"url\":\"https:\\\/\\\/biokema.ch\\\/wp-content\\\/uploads\\\/2025\\\/03\\\/logo-biokema.svg\",\"contentUrl\":\"https:\\\/\\\/biokema.ch\\\/wp-content\\\/uploads\\\/2025\\\/03\\\/logo-biokema.svg\",\"width\":1,\"height\":1,\"caption\":\"Biokema SA\"},\"image\":{\"@id\":\"https:\\\/\\\/biokema.ch\\\/de\\\/#\\\/schema\\\/logo\\\/image\\\/\"},\"sameAs\":[\"https:\\\/\\\/www.facebook.com\\\/BiokemaSA\\\/\",\"https:\\\/\\\/www.instagram.com\\\/biokema.ch\\\/\"]},{\"@type\":\"Person\",\"@id\":\"https:\\\/\\\/biokema.ch\\\/de\\\/#\\\/schema\\\/person\\\/605f48e8392604c662d1b536126fe6ef\",\"name\":\"sgenin@biokema\",\"image\":{\"@type\":\"ImageObject\",\"inLanguage\":\"de\",\"@id\":\"https:\\\/\\\/secure.gravatar.com\\\/avatar\\\/0830cab9941955995b7308c9ef5d6db0cdf349eddfe81acebd167bc9ece9514f?s=96&d=mm&r=g\",\"url\":\"https:\\\/\\\/secure.gravatar.com\\\/avatar\\\/0830cab9941955995b7308c9ef5d6db0cdf349eddfe81acebd167bc9ece9514f?s=96&d=mm&r=g\",\"contentUrl\":\"https:\\\/\\\/secure.gravatar.com\\\/avatar\\\/0830cab9941955995b7308c9ef5d6db0cdf349eddfe81acebd167bc9ece9514f?s=96&d=mm&r=g\",\"caption\":\"sgenin@biokema\"}}]}<\/script>\n<!-- \/ Yoast SEO plugin. -->","yoast_head_json":{"title":"K\u00e4lber von Geburt an st\u00e4rken: ein Austausch im Jura - Biokema SA","robots":{"index":"index","follow":"follow","max-snippet":"max-snippet:-1","max-image-preview":"max-image-preview:large","max-video-preview":"max-video-preview:-1"},"canonical":"https:\/\/biokema.ch\/de\/kaelber-von-geburt-an-staerken-ein-austausch-im-jura\/","og_locale":"de_DE","og_type":"article","og_title":"K\u00e4lber von Geburt an st\u00e4rken: ein Austausch im Jura - Biokema SA","og_description":"In Montfaucon, im jurassischen H\u00fcgelland, versammelten sich \u00fcber 120 Landwirtinnen und Landwirte zu einem Informationsabend rund um ein zentrales Thema der Rinderhaltung: die Vorbereitung von K\u00fchen und F\u00e4rsen auf eine effektive Immunit\u00e4ts\u00fcbertragung, um neonatale K\u00e4lberdurchf\u00e4lle gezielt zu verhindern. Die Konferenz wurde von Dr. Caroline Kruse geleitet und bot einen praxisnahen \u00dcberblick \u00fcber die wichtigsten Mechanismen [&hellip;]","og_url":"https:\/\/biokema.ch\/de\/kaelber-von-geburt-an-staerken-ein-austausch-im-jura\/","og_site_name":"Biokema SA","article_publisher":"https:\/\/www.facebook.com\/BiokemaSA\/","article_published_time":"2025-10-24T06:20:48+00:00","article_modified_time":"2025-10-24T06:32:46+00:00","og_image":[{"width":2560,"height":853,"url":"https:\/\/biokema.ch\/wp-content\/uploads\/2025\/10\/Publication-Preparer-les-veaux-des-la-naissance-une-rencontre-en-terres-jurassiennes-2025-scaled.jpg","type":"image\/jpeg"}],"author":"sgenin@biokema","twitter_card":"summary_large_image","twitter_misc":{"Verfasst von":"sgenin@biokema","Gesch\u00e4tzte Lesezeit":"1\u00a0Minute"},"schema":{"@context":"https:\/\/schema.org","@graph":[{"@type":"Article","@id":"https:\/\/biokema.ch\/de\/kaelber-von-geburt-an-staerken-ein-austausch-im-jura\/#article","isPartOf":{"@id":"https:\/\/biokema.ch\/de\/kaelber-von-geburt-an-staerken-ein-austausch-im-jura\/"},"author":{"name":"sgenin@biokema","@id":"https:\/\/biokema.ch\/de\/#\/schema\/person\/605f48e8392604c662d1b536126fe6ef"},"headline":"K\u00e4lber von Geburt an st\u00e4rken: ein Austausch im Jura","datePublished":"2025-10-24T06:20:48+00:00","dateModified":"2025-10-24T06:32:46+00:00","mainEntityOfPage":{"@id":"https:\/\/biokema.ch\/de\/kaelber-von-geburt-an-staerken-ein-austausch-im-jura\/"},"wordCount":135,"publisher":{"@id":"https:\/\/biokema.ch\/de\/#organization"},"image":{"@id":"https:\/\/biokema.ch\/de\/kaelber-von-geburt-an-staerken-ein-austausch-im-jura\/#primaryimage"},"thumbnailUrl":"https:\/\/biokema.ch\/wp-content\/uploads\/2025\/10\/Publication-Preparer-les-veaux-des-la-naissance-une-rencontre-en-terres-jurassiennes-2025-scaled.jpg","articleSection":["T\u00fcrkis - Nutztiere"],"inLanguage":"de"},{"@type":"WebPage","@id":"https:\/\/biokema.ch\/de\/kaelber-von-geburt-an-staerken-ein-austausch-im-jura\/","url":"https:\/\/biokema.ch\/de\/kaelber-von-geburt-an-staerken-ein-austausch-im-jura\/","name":"K\u00e4lber von Geburt an st\u00e4rken: ein Austausch im Jura - Biokema SA","isPartOf":{"@id":"https:\/\/biokema.ch\/de\/#website"},"primaryImageOfPage":{"@id":"https:\/\/biokema.ch\/de\/kaelber-von-geburt-an-staerken-ein-austausch-im-jura\/#primaryimage"},"image":{"@id":"https:\/\/biokema.ch\/de\/kaelber-von-geburt-an-staerken-ein-austausch-im-jura\/#primaryimage"},"thumbnailUrl":"https:\/\/biokema.ch\/wp-content\/uploads\/2025\/10\/Publication-Preparer-les-veaux-des-la-naissance-une-rencontre-en-terres-jurassiennes-2025-scaled.jpg","datePublished":"2025-10-24T06:20:48+00:00","dateModified":"2025-10-24T06:32:46+00:00","breadcrumb":{"@id":"https:\/\/biokema.ch\/de\/kaelber-von-geburt-an-staerken-ein-austausch-im-jura\/#breadcrumb"},"inLanguage":"de","potentialAction":[{"@type":"ReadAction","target":["https:\/\/biokema.ch\/de\/kaelber-von-geburt-an-staerken-ein-austausch-im-jura\/"]}]},{"@type":"ImageObject","inLanguage":"de","@id":"https:\/\/biokema.ch\/de\/kaelber-von-geburt-an-staerken-ein-austausch-im-jura\/#primaryimage","url":"https:\/\/biokema.ch\/wp-content\/uploads\/2025\/10\/Publication-Preparer-les-veaux-des-la-naissance-une-rencontre-en-terres-jurassiennes-2025-scaled.jpg","contentUrl":"https:\/\/biokema.ch\/wp-content\/uploads\/2025\/10\/Publication-Preparer-les-veaux-des-la-naissance-une-rencontre-en-terres-jurassiennes-2025-scaled.jpg","width":2560,"height":853},{"@type":"BreadcrumbList","@id":"https:\/\/biokema.ch\/de\/kaelber-von-geburt-an-staerken-ein-austausch-im-jura\/#breadcrumb","itemListElement":[{"@type":"ListItem","position":1,"name":"Accueil","item":"https:\/\/biokema.ch\/de\/biokema-sa\/"},{"@type":"ListItem","position":2,"name":"K\u00e4lber von Geburt an st\u00e4rken: ein Austausch im Jura"}]},{"@type":"WebSite","@id":"https:\/\/biokema.ch\/de\/#website","url":"https:\/\/biokema.ch\/de\/","name":"Biokema SA","description":"Ihr Veterin\u00e4rpartner seit 1959","publisher":{"@id":"https:\/\/biokema.ch\/de\/#organization"},"potentialAction":[{"@type":"SearchAction","target":{"@type":"EntryPoint","urlTemplate":"https:\/\/biokema.ch\/de\/?s={search_term_string}"},"query-input":{"@type":"PropertyValueSpecification","valueRequired":true,"valueName":"search_term_string"}}],"inLanguage":"de"},{"@type":"Organization","@id":"https:\/\/biokema.ch\/de\/#organization","name":"Biokema SA","url":"https:\/\/biokema.ch\/de\/","logo":{"@type":"ImageObject","inLanguage":"de","@id":"https:\/\/biokema.ch\/de\/#\/schema\/logo\/image\/","url":"https:\/\/biokema.ch\/wp-content\/uploads\/2025\/03\/logo-biokema.svg","contentUrl":"https:\/\/biokema.ch\/wp-content\/uploads\/2025\/03\/logo-biokema.svg","width":1,"height":1,"caption":"Biokema SA"},"image":{"@id":"https:\/\/biokema.ch\/de\/#\/schema\/logo\/image\/"},"sameAs":["https:\/\/www.facebook.com\/BiokemaSA\/","https:\/\/www.instagram.com\/biokema.ch\/"]},{"@type":"Person","@id":"https:\/\/biokema.ch\/de\/#\/schema\/person\/605f48e8392604c662d1b536126fe6ef","name":"sgenin@biokema","image":{"@type":"ImageObject","inLanguage":"de","@id":"https:\/\/secure.gravatar.com\/avatar\/0830cab9941955995b7308c9ef5d6db0cdf349eddfe81acebd167bc9ece9514f?s=96&d=mm&r=g","url":"https:\/\/secure.gravatar.com\/avatar\/0830cab9941955995b7308c9ef5d6db0cdf349eddfe81acebd167bc9ece9514f?s=96&d=mm&r=g","contentUrl":"https:\/\/secure.gravatar.com\/avatar\/0830cab9941955995b7308c9ef5d6db0cdf349eddfe81acebd167bc9ece9514f?s=96&d=mm&r=g","caption":"sgenin@biokema"}}]}},"_links":{"self":[{"href":"https:\/\/biokema.ch\/de\/wp-json\/wp\/v2\/posts\/9593","targetHints":{"allow":["GET"]}}],"collection":[{"href":"https:\/\/biokema.ch\/de\/wp-json\/wp\/v2\/posts"}],"about":[{"href":"https:\/\/biokema.ch\/de\/wp-json\/wp\/v2\/types\/post"}],"author":[{"embeddable":true,"href":"https:\/\/biokema.ch\/de\/wp-json\/wp\/v2\/users\/2"}],"replies":[{"embeddable":true,"href":"https:\/\/biokema.ch\/de\/wp-json\/wp\/v2\/comments?post=9593"}],"version-history":[{"count":1,"href":"https:\/\/biokema.ch\/de\/wp-json\/wp\/v2\/posts\/9593\/revisions"}],"predecessor-version":[{"id":9594,"href":"https:\/\/biokema.ch\/de\/wp-json\/wp\/v2\/posts\/9593\/revisions\/9594"}],"wp:featuredmedia":[{"embeddable":true,"href":"https:\/\/biokema.ch\/de\/wp-json\/wp\/v2\/media\/9590"}],"wp:attachment":[{"href":"https:\/\/biokema.ch\/de\/wp-json\/wp\/v2\/media?parent=9593"}],"wp:term":[{"taxonomy":"category","embeddable":true,"href":"https:\/\/biokema.ch\/de\/wp-json\/wp\/v2\/categories?post=9593"},{"taxonomy":"post_tag","embeddable":true,"href":"https:\/\/biokema.ch\/de\/wp-json\/wp\/v2\/tags?post=9593"}],"curies":[{"name":"wp","href":"https:\/\/api.w.org\/{rel}","templated":true}]}}