{"id":9812,"date":"2025-11-24T09:36:21","date_gmt":"2025-11-24T08:36:21","guid":{"rendered":"https:\/\/biokema.ch\/darm-haut-und-ernaehrung-ein-aufschlussreicher-abend-in-la-tour-de-peilz\/"},"modified":"2025-11-24T09:38:37","modified_gmt":"2025-11-24T08:38:37","slug":"darm-haut-und-ernaehrung-ein-aufschlussreicher-abend-in-la-tour-de-peilz","status":"publish","type":"post","link":"https:\/\/biokema.ch\/de\/darm-haut-und-ernaehrung-ein-aufschlussreicher-abend-in-la-tour-de-peilz\/","title":{"rendered":"Darm, Haut und Ern\u00e4hrung: ein aufschlussreicher Abend in La Tour-de-Peilz"},"content":{"rendered":"\n<div class=\"wp-block-columns is-layout-flex wp-container-core-columns-is-layout-28f84493 wp-block-columns-is-layout-flex\">\n<div class=\"wp-block-column is-layout-flow wp-block-column-is-layout-flow\" style=\"flex-basis:33.33%\"><\/div>\n\n\n\n<div class=\"wp-block-column is-layout-flow wp-block-column-is-layout-flow\" style=\"flex-basis:66.66%\" id=\"bloc-paragraphe\">\n<p>Am 5. November 2025 durften Biokema und Nestl\u00e9 Purina zahlreiche Tier\u00e4rztinnen und Tier\u00e4rzte in La Tour-de-Peilz, in den R\u00e4umlichkeiten von Nestl\u00e9 Purina, zu einem wissenschaftlichen Abend begr\u00fcssen, moderiert von Prof. Dr. med. vet. Claude Favrot.\nvet.\nClaude Favrot.    <\/p>\n\n\n\n<p>Mit Klarheit und Pr\u00e4zision erl\u00e4uterte Prof. Favrot die komplexen Zusammenh\u00e4nge zwischen Darmgesundheit, Mikrobiom, Ern\u00e4hrung und dermatologischen Erkrankungen. Er ging dabei insbesondere auf die Darm-Haut-Achse, Futtermittelunvertr\u00e4glichkeiten sowie die Rolle von essentiellen Fetts\u00e4uren, Probiotika, Pr\u00e4biotika und Antioxidantien in der Regulation von Entz\u00fcndungsprozessen und der Unterst\u00fctzung der Hautgesundheit bei allergischen Hunden ein. <\/p>\n\n\n\n<p>Erg\u00e4nzend dazu stellte unsere Senior Manager med. vet. Isabelle Bouissou, Tier\u00e4rztin und Ern\u00e4hrungsberaterin, verschiedene ern\u00e4hrungsbezogene Ansatzpunkte zur Unterst\u00fctzung der Verdauungsgesundheit vor und pr\u00e4sentierte die neuen L\u00f6sungen aus dem Sortiment Pro Plan Veterinary Diets Gastrointestinal.  <\/p>\n\n\n\n<p>Ein herzliches Dankesch\u00f6n an alle Teilnehmerinnen und Teilnehmer f\u00fcr die anregenden Gespr\u00e4che und das grosse Interesse an diesem spannenden Thema.<\/p>\n\n\n\n<p><\/p>\n\n\n\n<figure class=\"wp-block-image size-large\"><img fetchpriority=\"high\" decoding=\"async\" width=\"1024\" height=\"819\" src=\"https:\/\/biokema.ch\/wp-content\/uploads\/2025\/11\/Publication-Soiree-5-nov.-2025-Intestin-peau-et-alimentation-triangle-infernal-ou-magique-V017-1024x819.jpg\" alt=\"\" class=\"wp-image-9808\" srcset=\"https:\/\/biokema.ch\/wp-content\/uploads\/2025\/11\/Publication-Soiree-5-nov.-2025-Intestin-peau-et-alimentation-triangle-infernal-ou-magique-V017-1024x819.jpg 1024w, https:\/\/biokema.ch\/wp-content\/uploads\/2025\/11\/Publication-Soiree-5-nov.-2025-Intestin-peau-et-alimentation-triangle-infernal-ou-magique-V017-300x240.jpg 300w, https:\/\/biokema.ch\/wp-content\/uploads\/2025\/11\/Publication-Soiree-5-nov.-2025-Intestin-peau-et-alimentation-triangle-infernal-ou-magique-V017-768x614.jpg 768w, https:\/\/biokema.ch\/wp-content\/uploads\/2025\/11\/Publication-Soiree-5-nov.-2025-Intestin-peau-et-alimentation-triangle-infernal-ou-magique-V017-1536x1229.jpg 1536w, https:\/\/biokema.ch\/wp-content\/uploads\/2025\/11\/Publication-Soiree-5-nov.-2025-Intestin-peau-et-alimentation-triangle-infernal-ou-magique-V017-2048x1638.jpg 2048w\" sizes=\"(max-width: 1024px) 100vw, 1024px\" \/><\/figure>\n<\/div>\n<\/div>\n","protected":false},"excerpt":{"rendered":"<p>Am 5. November 2025 durften Biokema und Nestl\u00e9 Purina zahlreiche Tier\u00e4rztinnen und Tier\u00e4rzte in La Tour-de-Peilz, in den R\u00e4umlichkeiten von Nestl\u00e9 Purina, zu einem wissenschaftlichen Abend begr\u00fcssen, moderiert von Prof. Dr. med. vet. Claude Favrot. vet. Claude Favrot. Mit Klarheit und Pr\u00e4zision erl\u00e4uterte Prof. Favrot die komplexen Zusammenh\u00e4nge zwischen Darmgesundheit, Mikrobiom, Ern\u00e4hrung und dermatologischen Erkrankungen. [&hellip;]<\/p>\n","protected":false},"author":2,"featured_media":9807,"comment_status":"closed","ping_status":"closed","sticky":false,"template":"","format":"standard","meta":{"_acf_changed":false,"_monsterinsights_skip_tracking":false,"_monsterinsights_sitenote_active":false,"_monsterinsights_sitenote_note":"","_monsterinsights_sitenote_category":0,"footnotes":""},"categories":[77],"tags":[],"class_list":["post-9812","post","type-post","status-publish","format-standard","has-post-thumbnail","hentry","category-blau-kleintiere"],"acf":[],"yoast_head":"<!-- This site is optimized with the Yoast SEO plugin v27.4 - https:\/\/yoast.com\/product\/yoast-seo-wordpress\/ -->\n<title>Darm, Haut und Ern\u00e4hrung: ein aufschlussreicher Abend in La Tour-de-Peilz - Biokema SA<\/title>\n<meta name=\"robots\" content=\"index, follow, max-snippet:-1, max-image-preview:large, max-video-preview:-1\" \/>\n<link rel=\"canonical\" href=\"https:\/\/biokema.ch\/de\/darm-haut-und-ernaehrung-ein-aufschlussreicher-abend-in-la-tour-de-peilz\/\" \/>\n<meta property=\"og:locale\" content=\"de_DE\" \/>\n<meta property=\"og:type\" content=\"article\" \/>\n<meta property=\"og:title\" content=\"Darm, Haut und Ern\u00e4hrung: ein aufschlussreicher Abend in La Tour-de-Peilz - Biokema SA\" \/>\n<meta property=\"og:description\" content=\"Am 5. November 2025 durften Biokema und Nestl\u00e9 Purina zahlreiche Tier\u00e4rztinnen und Tier\u00e4rzte in La Tour-de-Peilz, in den R\u00e4umlichkeiten von Nestl\u00e9 Purina, zu einem wissenschaftlichen Abend begr\u00fcssen, moderiert von Prof. Dr. med. vet. Claude Favrot. vet. Claude Favrot. Mit Klarheit und Pr\u00e4zision erl\u00e4uterte Prof. Favrot die komplexen Zusammenh\u00e4nge zwischen Darmgesundheit, Mikrobiom, Ern\u00e4hrung und dermatologischen Erkrankungen. [&hellip;]\" \/>\n<meta property=\"og:url\" content=\"https:\/\/biokema.ch\/de\/darm-haut-und-ernaehrung-ein-aufschlussreicher-abend-in-la-tour-de-peilz\/\" \/>\n<meta property=\"og:site_name\" content=\"Biokema SA\" \/>\n<meta property=\"article:publisher\" content=\"https:\/\/www.facebook.com\/BiokemaSA\/\" \/>\n<meta property=\"article:published_time\" content=\"2025-11-24T08:36:21+00:00\" \/>\n<meta property=\"article:modified_time\" content=\"2025-11-24T08:38:37+00:00\" \/>\n<meta property=\"og:image\" content=\"https:\/\/biokema.ch\/wp-content\/uploads\/2025\/11\/Publication-Soiree-5-nov.-2025-Intestin-peau-et-alimentation-triangle-infernal-ou-magique-V01-scaled.jpg\" \/>\n\t<meta property=\"og:image:width\" content=\"2560\" \/>\n\t<meta property=\"og:image:height\" content=\"853\" \/>\n\t<meta property=\"og:image:type\" content=\"image\/jpeg\" \/>\n<meta name=\"author\" content=\"sgenin@biokema\" \/>\n<meta name=\"twitter:card\" content=\"summary_large_image\" \/>\n<meta name=\"twitter:label1\" content=\"Verfasst von\" \/>\n\t<meta name=\"twitter:data1\" content=\"sgenin@biokema\" \/>\n\t<meta name=\"twitter:label2\" content=\"Gesch\u00e4tzte Lesezeit\" \/>\n\t<meta name=\"twitter:data2\" content=\"1\u00a0Minute\" \/>\n<script type=\"application\/ld+json\" class=\"yoast-schema-graph\">{\"@context\":\"https:\\\/\\\/schema.org\",\"@graph\":[{\"@type\":\"Article\",\"@id\":\"https:\\\/\\\/biokema.ch\\\/de\\\/darm-haut-und-ernaehrung-ein-aufschlussreicher-abend-in-la-tour-de-peilz\\\/#article\",\"isPartOf\":{\"@id\":\"https:\\\/\\\/biokema.ch\\\/de\\\/darm-haut-und-ernaehrung-ein-aufschlussreicher-abend-in-la-tour-de-peilz\\\/\"},\"author\":{\"name\":\"sgenin@biokema\",\"@id\":\"https:\\\/\\\/biokema.ch\\\/de\\\/#\\\/schema\\\/person\\\/605f48e8392604c662d1b536126fe6ef\"},\"headline\":\"Darm, Haut und Ern\u00e4hrung: ein aufschlussreicher Abend in La Tour-de-Peilz\",\"datePublished\":\"2025-11-24T08:36:21+00:00\",\"dateModified\":\"2025-11-24T08:38:37+00:00\",\"mainEntityOfPage\":{\"@id\":\"https:\\\/\\\/biokema.ch\\\/de\\\/darm-haut-und-ernaehrung-ein-aufschlussreicher-abend-in-la-tour-de-peilz\\\/\"},\"wordCount\":173,\"publisher\":{\"@id\":\"https:\\\/\\\/biokema.ch\\\/de\\\/#organization\"},\"image\":{\"@id\":\"https:\\\/\\\/biokema.ch\\\/de\\\/darm-haut-und-ernaehrung-ein-aufschlussreicher-abend-in-la-tour-de-peilz\\\/#primaryimage\"},\"thumbnailUrl\":\"https:\\\/\\\/biokema.ch\\\/wp-content\\\/uploads\\\/2025\\\/11\\\/Publication-Soiree-5-nov.-2025-Intestin-peau-et-alimentation-triangle-infernal-ou-magique-V01-scaled.jpg\",\"articleSection\":[\"Blau \u2013 Kleintiere\"],\"inLanguage\":\"de\"},{\"@type\":\"WebPage\",\"@id\":\"https:\\\/\\\/biokema.ch\\\/de\\\/darm-haut-und-ernaehrung-ein-aufschlussreicher-abend-in-la-tour-de-peilz\\\/\",\"url\":\"https:\\\/\\\/biokema.ch\\\/de\\\/darm-haut-und-ernaehrung-ein-aufschlussreicher-abend-in-la-tour-de-peilz\\\/\",\"name\":\"Darm, Haut und Ern\u00e4hrung: ein aufschlussreicher Abend in La Tour-de-Peilz - Biokema SA\",\"isPartOf\":{\"@id\":\"https:\\\/\\\/biokema.ch\\\/de\\\/#website\"},\"primaryImageOfPage\":{\"@id\":\"https:\\\/\\\/biokema.ch\\\/de\\\/darm-haut-und-ernaehrung-ein-aufschlussreicher-abend-in-la-tour-de-peilz\\\/#primaryimage\"},\"image\":{\"@id\":\"https:\\\/\\\/biokema.ch\\\/de\\\/darm-haut-und-ernaehrung-ein-aufschlussreicher-abend-in-la-tour-de-peilz\\\/#primaryimage\"},\"thumbnailUrl\":\"https:\\\/\\\/biokema.ch\\\/wp-content\\\/uploads\\\/2025\\\/11\\\/Publication-Soiree-5-nov.-2025-Intestin-peau-et-alimentation-triangle-infernal-ou-magique-V01-scaled.jpg\",\"datePublished\":\"2025-11-24T08:36:21+00:00\",\"dateModified\":\"2025-11-24T08:38:37+00:00\",\"breadcrumb\":{\"@id\":\"https:\\\/\\\/biokema.ch\\\/de\\\/darm-haut-und-ernaehrung-ein-aufschlussreicher-abend-in-la-tour-de-peilz\\\/#breadcrumb\"},\"inLanguage\":\"de\",\"potentialAction\":[{\"@type\":\"ReadAction\",\"target\":[\"https:\\\/\\\/biokema.ch\\\/de\\\/darm-haut-und-ernaehrung-ein-aufschlussreicher-abend-in-la-tour-de-peilz\\\/\"]}]},{\"@type\":\"ImageObject\",\"inLanguage\":\"de\",\"@id\":\"https:\\\/\\\/biokema.ch\\\/de\\\/darm-haut-und-ernaehrung-ein-aufschlussreicher-abend-in-la-tour-de-peilz\\\/#primaryimage\",\"url\":\"https:\\\/\\\/biokema.ch\\\/wp-content\\\/uploads\\\/2025\\\/11\\\/Publication-Soiree-5-nov.-2025-Intestin-peau-et-alimentation-triangle-infernal-ou-magique-V01-scaled.jpg\",\"contentUrl\":\"https:\\\/\\\/biokema.ch\\\/wp-content\\\/uploads\\\/2025\\\/11\\\/Publication-Soiree-5-nov.-2025-Intestin-peau-et-alimentation-triangle-infernal-ou-magique-V01-scaled.jpg\",\"width\":2560,\"height\":853},{\"@type\":\"BreadcrumbList\",\"@id\":\"https:\\\/\\\/biokema.ch\\\/de\\\/darm-haut-und-ernaehrung-ein-aufschlussreicher-abend-in-la-tour-de-peilz\\\/#breadcrumb\",\"itemListElement\":[{\"@type\":\"ListItem\",\"position\":1,\"name\":\"Accueil\",\"item\":\"https:\\\/\\\/biokema.ch\\\/de\\\/biokema-sa\\\/\"},{\"@type\":\"ListItem\",\"position\":2,\"name\":\"Darm, Haut und Ern\u00e4hrung: ein aufschlussreicher Abend in La Tour-de-Peilz\"}]},{\"@type\":\"WebSite\",\"@id\":\"https:\\\/\\\/biokema.ch\\\/de\\\/#website\",\"url\":\"https:\\\/\\\/biokema.ch\\\/de\\\/\",\"name\":\"Biokema SA\",\"description\":\"Ihr Veterin\u00e4rpartner seit 1959\",\"publisher\":{\"@id\":\"https:\\\/\\\/biokema.ch\\\/de\\\/#organization\"},\"potentialAction\":[{\"@type\":\"SearchAction\",\"target\":{\"@type\":\"EntryPoint\",\"urlTemplate\":\"https:\\\/\\\/biokema.ch\\\/de\\\/?s={search_term_string}\"},\"query-input\":{\"@type\":\"PropertyValueSpecification\",\"valueRequired\":true,\"valueName\":\"search_term_string\"}}],\"inLanguage\":\"de\"},{\"@type\":\"Organization\",\"@id\":\"https:\\\/\\\/biokema.ch\\\/de\\\/#organization\",\"name\":\"Biokema SA\",\"url\":\"https:\\\/\\\/biokema.ch\\\/de\\\/\",\"logo\":{\"@type\":\"ImageObject\",\"inLanguage\":\"de\",\"@id\":\"https:\\\/\\\/biokema.ch\\\/de\\\/#\\\/schema\\\/logo\\\/image\\\/\",\"url\":\"https:\\\/\\\/biokema.ch\\\/wp-content\\\/uploads\\\/2025\\\/03\\\/logo-biokema.svg\",\"contentUrl\":\"https:\\\/\\\/biokema.ch\\\/wp-content\\\/uploads\\\/2025\\\/03\\\/logo-biokema.svg\",\"width\":1,\"height\":1,\"caption\":\"Biokema SA\"},\"image\":{\"@id\":\"https:\\\/\\\/biokema.ch\\\/de\\\/#\\\/schema\\\/logo\\\/image\\\/\"},\"sameAs\":[\"https:\\\/\\\/www.facebook.com\\\/BiokemaSA\\\/\",\"https:\\\/\\\/www.instagram.com\\\/biokema.ch\\\/\"]},{\"@type\":\"Person\",\"@id\":\"https:\\\/\\\/biokema.ch\\\/de\\\/#\\\/schema\\\/person\\\/605f48e8392604c662d1b536126fe6ef\",\"name\":\"sgenin@biokema\",\"image\":{\"@type\":\"ImageObject\",\"inLanguage\":\"de\",\"@id\":\"https:\\\/\\\/secure.gravatar.com\\\/avatar\\\/0830cab9941955995b7308c9ef5d6db0cdf349eddfe81acebd167bc9ece9514f?s=96&d=mm&r=g\",\"url\":\"https:\\\/\\\/secure.gravatar.com\\\/avatar\\\/0830cab9941955995b7308c9ef5d6db0cdf349eddfe81acebd167bc9ece9514f?s=96&d=mm&r=g\",\"contentUrl\":\"https:\\\/\\\/secure.gravatar.com\\\/avatar\\\/0830cab9941955995b7308c9ef5d6db0cdf349eddfe81acebd167bc9ece9514f?s=96&d=mm&r=g\",\"caption\":\"sgenin@biokema\"}}]}<\/script>\n<!-- \/ Yoast SEO plugin. -->","yoast_head_json":{"title":"Darm, Haut und Ern\u00e4hrung: ein aufschlussreicher Abend in La Tour-de-Peilz - Biokema SA","robots":{"index":"index","follow":"follow","max-snippet":"max-snippet:-1","max-image-preview":"max-image-preview:large","max-video-preview":"max-video-preview:-1"},"canonical":"https:\/\/biokema.ch\/de\/darm-haut-und-ernaehrung-ein-aufschlussreicher-abend-in-la-tour-de-peilz\/","og_locale":"de_DE","og_type":"article","og_title":"Darm, Haut und Ern\u00e4hrung: ein aufschlussreicher Abend in La Tour-de-Peilz - Biokema SA","og_description":"Am 5. November 2025 durften Biokema und Nestl\u00e9 Purina zahlreiche Tier\u00e4rztinnen und Tier\u00e4rzte in La Tour-de-Peilz, in den R\u00e4umlichkeiten von Nestl\u00e9 Purina, zu einem wissenschaftlichen Abend begr\u00fcssen, moderiert von Prof. Dr. med. vet. Claude Favrot. vet. Claude Favrot. Mit Klarheit und Pr\u00e4zision erl\u00e4uterte Prof. Favrot die komplexen Zusammenh\u00e4nge zwischen Darmgesundheit, Mikrobiom, Ern\u00e4hrung und dermatologischen Erkrankungen. [&hellip;]","og_url":"https:\/\/biokema.ch\/de\/darm-haut-und-ernaehrung-ein-aufschlussreicher-abend-in-la-tour-de-peilz\/","og_site_name":"Biokema SA","article_publisher":"https:\/\/www.facebook.com\/BiokemaSA\/","article_published_time":"2025-11-24T08:36:21+00:00","article_modified_time":"2025-11-24T08:38:37+00:00","og_image":[{"width":2560,"height":853,"url":"https:\/\/biokema.ch\/wp-content\/uploads\/2025\/11\/Publication-Soiree-5-nov.-2025-Intestin-peau-et-alimentation-triangle-infernal-ou-magique-V01-scaled.jpg","type":"image\/jpeg"}],"author":"sgenin@biokema","twitter_card":"summary_large_image","twitter_misc":{"Verfasst von":"sgenin@biokema","Gesch\u00e4tzte Lesezeit":"1\u00a0Minute"},"schema":{"@context":"https:\/\/schema.org","@graph":[{"@type":"Article","@id":"https:\/\/biokema.ch\/de\/darm-haut-und-ernaehrung-ein-aufschlussreicher-abend-in-la-tour-de-peilz\/#article","isPartOf":{"@id":"https:\/\/biokema.ch\/de\/darm-haut-und-ernaehrung-ein-aufschlussreicher-abend-in-la-tour-de-peilz\/"},"author":{"name":"sgenin@biokema","@id":"https:\/\/biokema.ch\/de\/#\/schema\/person\/605f48e8392604c662d1b536126fe6ef"},"headline":"Darm, Haut und Ern\u00e4hrung: ein aufschlussreicher Abend in La Tour-de-Peilz","datePublished":"2025-11-24T08:36:21+00:00","dateModified":"2025-11-24T08:38:37+00:00","mainEntityOfPage":{"@id":"https:\/\/biokema.ch\/de\/darm-haut-und-ernaehrung-ein-aufschlussreicher-abend-in-la-tour-de-peilz\/"},"wordCount":173,"publisher":{"@id":"https:\/\/biokema.ch\/de\/#organization"},"image":{"@id":"https:\/\/biokema.ch\/de\/darm-haut-und-ernaehrung-ein-aufschlussreicher-abend-in-la-tour-de-peilz\/#primaryimage"},"thumbnailUrl":"https:\/\/biokema.ch\/wp-content\/uploads\/2025\/11\/Publication-Soiree-5-nov.-2025-Intestin-peau-et-alimentation-triangle-infernal-ou-magique-V01-scaled.jpg","articleSection":["Blau \u2013 Kleintiere"],"inLanguage":"de"},{"@type":"WebPage","@id":"https:\/\/biokema.ch\/de\/darm-haut-und-ernaehrung-ein-aufschlussreicher-abend-in-la-tour-de-peilz\/","url":"https:\/\/biokema.ch\/de\/darm-haut-und-ernaehrung-ein-aufschlussreicher-abend-in-la-tour-de-peilz\/","name":"Darm, Haut und Ern\u00e4hrung: ein aufschlussreicher Abend in La Tour-de-Peilz - Biokema SA","isPartOf":{"@id":"https:\/\/biokema.ch\/de\/#website"},"primaryImageOfPage":{"@id":"https:\/\/biokema.ch\/de\/darm-haut-und-ernaehrung-ein-aufschlussreicher-abend-in-la-tour-de-peilz\/#primaryimage"},"image":{"@id":"https:\/\/biokema.ch\/de\/darm-haut-und-ernaehrung-ein-aufschlussreicher-abend-in-la-tour-de-peilz\/#primaryimage"},"thumbnailUrl":"https:\/\/biokema.ch\/wp-content\/uploads\/2025\/11\/Publication-Soiree-5-nov.-2025-Intestin-peau-et-alimentation-triangle-infernal-ou-magique-V01-scaled.jpg","datePublished":"2025-11-24T08:36:21+00:00","dateModified":"2025-11-24T08:38:37+00:00","breadcrumb":{"@id":"https:\/\/biokema.ch\/de\/darm-haut-und-ernaehrung-ein-aufschlussreicher-abend-in-la-tour-de-peilz\/#breadcrumb"},"inLanguage":"de","potentialAction":[{"@type":"ReadAction","target":["https:\/\/biokema.ch\/de\/darm-haut-und-ernaehrung-ein-aufschlussreicher-abend-in-la-tour-de-peilz\/"]}]},{"@type":"ImageObject","inLanguage":"de","@id":"https:\/\/biokema.ch\/de\/darm-haut-und-ernaehrung-ein-aufschlussreicher-abend-in-la-tour-de-peilz\/#primaryimage","url":"https:\/\/biokema.ch\/wp-content\/uploads\/2025\/11\/Publication-Soiree-5-nov.-2025-Intestin-peau-et-alimentation-triangle-infernal-ou-magique-V01-scaled.jpg","contentUrl":"https:\/\/biokema.ch\/wp-content\/uploads\/2025\/11\/Publication-Soiree-5-nov.-2025-Intestin-peau-et-alimentation-triangle-infernal-ou-magique-V01-scaled.jpg","width":2560,"height":853},{"@type":"BreadcrumbList","@id":"https:\/\/biokema.ch\/de\/darm-haut-und-ernaehrung-ein-aufschlussreicher-abend-in-la-tour-de-peilz\/#breadcrumb","itemListElement":[{"@type":"ListItem","position":1,"name":"Accueil","item":"https:\/\/biokema.ch\/de\/biokema-sa\/"},{"@type":"ListItem","position":2,"name":"Darm, Haut und Ern\u00e4hrung: ein aufschlussreicher Abend in La Tour-de-Peilz"}]},{"@type":"WebSite","@id":"https:\/\/biokema.ch\/de\/#website","url":"https:\/\/biokema.ch\/de\/","name":"Biokema SA","description":"Ihr Veterin\u00e4rpartner seit 1959","publisher":{"@id":"https:\/\/biokema.ch\/de\/#organization"},"potentialAction":[{"@type":"SearchAction","target":{"@type":"EntryPoint","urlTemplate":"https:\/\/biokema.ch\/de\/?s={search_term_string}"},"query-input":{"@type":"PropertyValueSpecification","valueRequired":true,"valueName":"search_term_string"}}],"inLanguage":"de"},{"@type":"Organization","@id":"https:\/\/biokema.ch\/de\/#organization","name":"Biokema SA","url":"https:\/\/biokema.ch\/de\/","logo":{"@type":"ImageObject","inLanguage":"de","@id":"https:\/\/biokema.ch\/de\/#\/schema\/logo\/image\/","url":"https:\/\/biokema.ch\/wp-content\/uploads\/2025\/03\/logo-biokema.svg","contentUrl":"https:\/\/biokema.ch\/wp-content\/uploads\/2025\/03\/logo-biokema.svg","width":1,"height":1,"caption":"Biokema SA"},"image":{"@id":"https:\/\/biokema.ch\/de\/#\/schema\/logo\/image\/"},"sameAs":["https:\/\/www.facebook.com\/BiokemaSA\/","https:\/\/www.instagram.com\/biokema.ch\/"]},{"@type":"Person","@id":"https:\/\/biokema.ch\/de\/#\/schema\/person\/605f48e8392604c662d1b536126fe6ef","name":"sgenin@biokema","image":{"@type":"ImageObject","inLanguage":"de","@id":"https:\/\/secure.gravatar.com\/avatar\/0830cab9941955995b7308c9ef5d6db0cdf349eddfe81acebd167bc9ece9514f?s=96&d=mm&r=g","url":"https:\/\/secure.gravatar.com\/avatar\/0830cab9941955995b7308c9ef5d6db0cdf349eddfe81acebd167bc9ece9514f?s=96&d=mm&r=g","contentUrl":"https:\/\/secure.gravatar.com\/avatar\/0830cab9941955995b7308c9ef5d6db0cdf349eddfe81acebd167bc9ece9514f?s=96&d=mm&r=g","caption":"sgenin@biokema"}}]}},"_links":{"self":[{"href":"https:\/\/biokema.ch\/de\/wp-json\/wp\/v2\/posts\/9812","targetHints":{"allow":["GET"]}}],"collection":[{"href":"https:\/\/biokema.ch\/de\/wp-json\/wp\/v2\/posts"}],"about":[{"href":"https:\/\/biokema.ch\/de\/wp-json\/wp\/v2\/types\/post"}],"author":[{"embeddable":true,"href":"https:\/\/biokema.ch\/de\/wp-json\/wp\/v2\/users\/2"}],"replies":[{"embeddable":true,"href":"https:\/\/biokema.ch\/de\/wp-json\/wp\/v2\/comments?post=9812"}],"version-history":[{"count":1,"href":"https:\/\/biokema.ch\/de\/wp-json\/wp\/v2\/posts\/9812\/revisions"}],"predecessor-version":[{"id":9813,"href":"https:\/\/biokema.ch\/de\/wp-json\/wp\/v2\/posts\/9812\/revisions\/9813"}],"wp:featuredmedia":[{"embeddable":true,"href":"https:\/\/biokema.ch\/de\/wp-json\/wp\/v2\/media\/9807"}],"wp:attachment":[{"href":"https:\/\/biokema.ch\/de\/wp-json\/wp\/v2\/media?parent=9812"}],"wp:term":[{"taxonomy":"category","embeddable":true,"href":"https:\/\/biokema.ch\/de\/wp-json\/wp\/v2\/categories?post=9812"},{"taxonomy":"post_tag","embeddable":true,"href":"https:\/\/biokema.ch\/de\/wp-json\/wp\/v2\/tags?post=9812"}],"curies":[{"name":"wp","href":"https:\/\/api.w.org\/{rel}","templated":true}]}}